{"id":31411,"date":"2026-01-09T18:28:00","date_gmt":"2026-01-09T17:28:00","guid":{"rendered":"https:\/\/teczone.es\/?p=31411"},"modified":"2026-04-22T13:25:54","modified_gmt":"2026-04-22T11:25:54","slug":"evenements-larchitecture-et-a-la-construction","status":"publish","type":"post","link":"https:\/\/teczone.es\/fr\/evenements-larchitecture-et-a-la-construction\/","title":{"rendered":"\u00c9v\u00e9nements\u00a0li\u00e9s\u00a0\u00e0\u00a0l&rsquo;architecture\u00a0et \u00e0 la\u00a0construction\u00a0&#8211;\u00a02025 :\u00a0tendances\u00a0et\u00a0innovation\u00a0\u00a0"},"content":{"rendered":"\n<p>Une&nbsp;ann\u00e9e&nbsp;de plus, en 2025,&nbsp;nous&nbsp;avons&nbsp;particip\u00e9&nbsp;aux&nbsp;journ\u00e9es&nbsp;Architecture&nbsp;et&nbsp;Entreprise, qui&nbsp;r\u00e9unissent&nbsp;les&nbsp;principaux&nbsp;acteurs&nbsp;du&nbsp;secteur&nbsp;afin&nbsp;de&nbsp;partager&nbsp;leurs&nbsp;connaissances,&nbsp;leurs&nbsp;exp\u00e9riences&nbsp;et les&nbsp;tendances.&nbsp;&nbsp;<\/p>\n\n\n\n<figure class=\"wp-block-image size-large\"><img loading=\"lazy\" decoding=\"async\" width=\"1024\" height=\"576\" src=\"https:\/\/teczone.es\/wp-content\/uploads\/2026\/01\/forocontract-2025-1024x576.png\" alt=\"\" class=\"wp-image-31405\" srcset=\"https:\/\/teczone.es\/wp-content\/uploads\/2026\/01\/forocontract-2025-1024x576.png 1024w, https:\/\/teczone.es\/wp-content\/uploads\/2026\/01\/forocontract-2025-300x169.png 300w, https:\/\/teczone.es\/wp-content\/uploads\/2026\/01\/forocontract-2025-768x432.png 768w, https:\/\/teczone.es\/wp-content\/uploads\/2026\/01\/forocontract-2025-1536x864.png 1536w, https:\/\/teczone.es\/wp-content\/uploads\/2026\/01\/forocontract-2025.png 1920w\" sizes=\"auto, (max-width: 1024px) 100vw, 1024px\" \/><\/figure>\n\n\n\n<p><strong><strong>Un&nbsp;point&nbsp;de&nbsp;rencontre&nbsp;pour&nbsp;les&nbsp;professionnels&nbsp;du&nbsp;secteur&nbsp;<\/strong>&nbsp;<\/strong>&nbsp;<\/p>\n\n\n\n<p>Les&nbsp;\u00e9v\u00e9nements&nbsp;organis\u00e9s&nbsp;dans&nbsp;toute&nbsp;l&rsquo;Espagne&nbsp;se&nbsp;sont&nbsp;impos\u00e9s&nbsp;comme&nbsp;un&nbsp;rendez-vous&nbsp;incontournable&nbsp;pour&nbsp;les&nbsp;architectes, les&nbsp;ing\u00e9nieurs&nbsp;et les&nbsp;concepteurs&nbsp;\u00e0 la&nbsp;recherche&nbsp;d&rsquo;inspiration&nbsp;et de&nbsp;solutions&nbsp;innovantes&nbsp;pour&nbsp;leurs&nbsp;projets.&nbsp;Pour&nbsp;nous, cela a&nbsp;\u00e9t\u00e9&nbsp;une&nbsp;excellente&nbsp;occasion&nbsp;d&rsquo;entrer&nbsp;en&nbsp;contact&nbsp;direct&nbsp;avec&nbsp;des&nbsp;professionnels,&nbsp;d&rsquo;\u00e9couter&nbsp;leurs&nbsp;besoins&nbsp;et de&nbsp;leur&nbsp;pr\u00e9senter&nbsp;nos&nbsp;propositions&nbsp;les plus&nbsp;remarquables.&nbsp;&nbsp;<\/p>\n\n\n\n<p><strong>Des&nbsp;solutions&nbsp;qui&nbsp;transforment&nbsp;les&nbsp;projets&nbsp;<\/strong>&nbsp;&nbsp;<\/p>\n\n\n\n<p>Au&nbsp;cours&nbsp;de ces&nbsp;journ\u00e9es,&nbsp;nous&nbsp;avons&nbsp;pr\u00e9sent\u00e9&nbsp;nos&nbsp;solutions&nbsp;les plus&nbsp;innovantes&nbsp;en&nbsp;mati\u00e8re&nbsp;d&rsquo;Architectural&nbsp;Skin&nbsp;Design, un&nbsp;syst\u00e8me&nbsp;complet&nbsp;d&rsquo;enveloppes&nbsp;m\u00e9talliques&nbsp;architecturales&nbsp;con\u00e7u&nbsp;pour&nbsp;les&nbsp;architectes&nbsp;qui&nbsp;cherchent&nbsp;\u00e0&nbsp;exprimer&nbsp;leur&nbsp;vision&nbsp;avec&nbsp;libert\u00e9 et&nbsp;pr\u00e9cision, et&nbsp;con\u00e7u&nbsp;pour&nbsp;allier&nbsp;esth\u00e9tique,&nbsp;fonctionnalit\u00e9&nbsp;et&nbsp;efficacit\u00e9&nbsp;:<\/p>\n\n\n\n<ul class=\"wp-block-list\">\n<li><strong><a href=\"https:\/\/teczone.es\/fr\/categorie-produit\/systeme-mywall\/\">MyWall:<\/a><\/strong>&nbsp;les&nbsp;profil\u00e9s&nbsp;m\u00e9talliques&nbsp;MyWall&nbsp;offrent&nbsp;un&nbsp;haut&nbsp;degr\u00e9&nbsp;de&nbsp;personnalisation&nbsp;gr\u00e2ce&nbsp;\u00e0&nbsp;leur&nbsp;syst\u00e8me&nbsp;de&nbsp;fabrication&nbsp;innovant, qui&nbsp;permet&nbsp;de&nbsp;combiner&nbsp;des&nbsp;moulures&nbsp;de&nbsp;diff\u00e9rentes&nbsp;g\u00e9om\u00e9tries&nbsp;dans&nbsp;un&nbsp;m\u00eame&nbsp;design.&nbsp;Cette&nbsp;flexibilit\u00e9,&nbsp;associ\u00e9e&nbsp;\u00e0 une&nbsp;large&nbsp;gamme&nbsp;de&nbsp;couleurs&nbsp;et de&nbsp;rev\u00eatements&nbsp;hautement&nbsp;durables,&nbsp;offre&nbsp;aux&nbsp;architectes&nbsp;et&nbsp;aux&nbsp;designers&nbsp;une libert\u00e9&nbsp;cr\u00e9ative&nbsp;totale&nbsp;pour&nbsp;concevoir&nbsp;des&nbsp;enveloppes&nbsp;m\u00e9talliques&nbsp;uniques,&nbsp;adapt\u00e9es&nbsp;\u00e0&nbsp;tout&nbsp;environnement&nbsp;et \u00e0&nbsp;toute&nbsp;exigence&nbsp;esth\u00e9tique.&nbsp;&nbsp;<\/li>\n<\/ul>\n\n\n\n<ul class=\"wp-block-list\">\n<li><a href=\"https:\/\/teczone.es\/fr\/categorie-produit\/ibeo-250-fr-fr\/\"><strong>Ibeo:<\/strong>\u00a0<\/a>il s&rsquo;agit d&rsquo;un syst\u00e8me complet de fa\u00e7ade ventil\u00e9e \u00e0 assemblage invisible par rainure et languette, con\u00e7u pour faciliter le montage. Ce syst\u00e8me est con\u00e7u pour contribuer \u00e0 l&rsquo;isolation thermique du b\u00e2timent et favoriser l&rsquo;efficacit\u00e9 \u00e9nerg\u00e9tique. Ibeo permet de concilier les exigences techniques et architecturales, tout en pr\u00e9servant la flexibilit\u00e9 dans la conception des enveloppes.<\/li>\n<\/ul>\n\n\n\n<ul class=\"wp-block-list\">\n<li><strong><a href=\"https:\/\/teczone.es\/fr\/categorie-produit\/systeme-kingzip\/\">KingZip:<\/a><\/strong>&nbsp;solution&nbsp;constructive&nbsp;pour&nbsp;la&nbsp;r\u00e9alisation&nbsp;d&rsquo;enveloppes&nbsp;courbes&nbsp;et&nbsp;tridimensionnelles&nbsp;aux&nbsp;g\u00e9om\u00e9tries&nbsp;organiques, \u00e0&nbsp;l&rsquo;aide&nbsp;de&nbsp;bacs&nbsp;embo\u00eet\u00e9s.&nbsp;&nbsp;<\/li>\n<\/ul>\n\n\n\n<p>Chacune\u00a0de ces\u00a0solutions\u00a0r\u00e9pond\u00a0aux\u00a0tendances\u00a0actuelles\u00a0en\u00a0mati\u00e8re\u00a0d&rsquo;architecture.<\/p>\n\n\n\n<p><strong>Notre&nbsp;engagement&nbsp;en&nbsp;faveur&nbsp;de&nbsp;l&rsquo;innovation<\/strong>&nbsp;<\/p>\n\n\n\n<p>Chez\u00a0Teczone,\u00a0nous\u00a0voulons\u00a0continuer\u00a0\u00e0\u00a0d\u00e9velopper\u00a0des\u00a0produits\u00a0qui\u00a0aident\u00a0les\u00a0architectes\u00a0et les\u00a0concepteurs\u00a0\u00e0\u00a0cr\u00e9er\u00a0des\u00a0espaces\u00a0uniques et\u00a0efficaces.\u00a0\u00a0<\/p>\n\n\n\n<p>Vous&nbsp;souhaitez&nbsp;en savoir plus sur nos&nbsp;solutions&nbsp;et sur la&nbsp;mani\u00e8re&nbsp;dont&nbsp;elles&nbsp;peuvent&nbsp;transformer&nbsp;vos&nbsp;projets&nbsp;?&nbsp;<br>\ud83d\udc49&nbsp;<a href=\"https:\/\/teczone.es\/fr\/contact\/\">Contactez&nbsp;notre&nbsp;\u00e9quipe&nbsp;&nbsp;&nbsp;<\/a><\/p>\n","protected":false},"excerpt":{"rendered":"<p>Une&nbsp;ann\u00e9e&nbsp;de plus, en 2025,&nbsp;nous&nbsp;avons&nbsp;particip\u00e9&nbsp;aux&nbsp;journ\u00e9es&nbsp;Architecture&nbsp;et&nbsp;Entreprise, qui&nbsp;r\u00e9unissent&nbsp;les&nbsp;principaux&nbsp;acteurs&nbsp;du&nbsp;secteur&nbsp;afin&nbsp;de&nbsp;partager&nbsp;leurs&nbsp;connaissances,&nbsp;leurs&nbsp;exp\u00e9riences&nbsp;et les&nbsp;tendances.&nbsp;&nbsp; Un&nbsp;point&nbsp;de&nbsp;rencontre&nbsp;pour&nbsp;les&nbsp;professionnels&nbsp;du&nbsp;secteur&nbsp;&nbsp;&nbsp; Les&nbsp;\u00e9v\u00e9nements&nbsp;organis\u00e9s&nbsp;dans&nbsp;toute&nbsp;l&rsquo;Espagne&nbsp;se&nbsp;sont&nbsp;impos\u00e9s&nbsp;comme&nbsp;un&nbsp;rendez-vous&nbsp;incontournable&nbsp;pour&nbsp;les&nbsp;architectes, les&nbsp;ing\u00e9nieurs&nbsp;et les&nbsp;concepteurs&nbsp;\u00e0 la&nbsp;recherche&nbsp;d&rsquo;inspiration&nbsp;et de&nbsp;solutions&nbsp;innovantes&nbsp;pour&nbsp;leurs&nbsp;projets.&nbsp;Pour&nbsp;nous, cela a&nbsp;\u00e9t\u00e9&nbsp;une&nbsp;excellente&nbsp;occasion&nbsp;d&rsquo;entrer&nbsp;en&nbsp;contact&nbsp;direct&nbsp;avec&nbsp;des&nbsp;professionnels,&nbsp;d&rsquo;\u00e9couter&nbsp;leurs&nbsp;besoins&nbsp;et de&nbsp;leur&nbsp;pr\u00e9senter&nbsp;nos&nbsp;propositions&nbsp;les plus&nbsp;remarquables.&nbsp;&nbsp; Des&nbsp;solutions&nbsp;qui&nbsp;transforment&nbsp;les&nbsp;projets&nbsp;&nbsp;&nbsp; Au&nbsp;cours&nbsp;de ces&nbsp;journ\u00e9es,&nbsp;nous&nbsp;avons&nbsp;pr\u00e9sent\u00e9&nbsp;nos&nbsp;solutions&nbsp;les plus&nbsp;innovantes&nbsp;en&nbsp;mati\u00e8re&nbsp;d&rsquo;Architectural&nbsp;Skin&nbsp;Design, un&nbsp;syst\u00e8me&nbsp;complet&nbsp;d&rsquo;enveloppes&nbsp;m\u00e9talliques&nbsp;architecturales&nbsp;con\u00e7u&nbsp;pour&nbsp;les&nbsp;architectes&nbsp;qui&nbsp;cherchent&nbsp;\u00e0&nbsp;exprimer&nbsp;leur&nbsp;vision&nbsp;avec&nbsp;libert\u00e9 et&nbsp;pr\u00e9cision, et&nbsp;con\u00e7u&nbsp;pour&nbsp;allier&nbsp;esth\u00e9tique,&nbsp;fonctionnalit\u00e9&nbsp;et&nbsp;efficacit\u00e9&nbsp;: Chacune\u00a0de ces\u00a0solutions\u00a0r\u00e9pond\u00a0aux\u00a0tendances\u00a0actuelles\u00a0en\u00a0mati\u00e8re\u00a0d&rsquo;architecture. Notre&nbsp;engagement&nbsp;en&nbsp;faveur&nbsp;de&nbsp;l&rsquo;innovation&nbsp; Chez\u00a0Teczone,\u00a0nous\u00a0voulons\u00a0continuer\u00a0\u00e0\u00a0d\u00e9velopper\u00a0des\u00a0produits\u00a0qui\u00a0aident\u00a0les\u00a0architectes\u00a0et les\u00a0concepteurs\u00a0\u00e0\u00a0cr\u00e9er\u00a0des\u00a0espaces\u00a0uniques et\u00a0efficaces.\u00a0\u00a0 Vous&nbsp;souhaitez&nbsp;en savoir plus sur nos&nbsp;solutions&nbsp;et sur la&nbsp;mani\u00e8re&nbsp;dont&nbsp;elles&nbsp;peuvent&nbsp;transformer&nbsp;vos&nbsp;projets&nbsp;?&nbsp;\ud83d\udc49&nbsp;Contactez&nbsp;notre&nbsp;\u00e9quipe&nbsp;&nbsp;&nbsp;<\/p>\n","protected":false},"author":21,"featured_media":0,"comment_status":"closed","ping_status":"closed","sticky":false,"template":"","format":"standard","meta":{"_acf_changed":false,"_oasis_is_in_workflow":0,"_oasis_original":0,"_oasis_task_priority":"","_genesis_hide_title":false,"_genesis_hide_breadcrumbs":false,"_genesis_hide_singular_image":false,"_genesis_hide_footer_widgets":false,"_genesis_custom_body_class":"","_genesis_custom_post_class":"","_genesis_layout":"","footnotes":""},"categories":[106],"tags":[],"class_list":{"0":"post-31411","1":"post","2":"type-post","3":"status-publish","4":"format-standard","6":"category-kingspan-teczone-fr","7":"entry"},"acf":[],"yoast_head":"<!-- This site is optimized with the Yoast SEO plugin v27.3 - https:\/\/yoast.com\/product\/yoast-seo-wordpress\/ -->\n<title>\u00c9v\u00e9nements\u00a0li\u00e9s\u00a0\u00e0\u00a0l&#039;architecture\u00a0et \u00e0 la\u00a0construction<\/title>\n<meta name=\"description\" content=\"Pour nous, cela a \u00e9t\u00e9 une excellente occasion d&#039;entrer en contact direct avec des professionnels.\" \/>\n<meta name=\"robots\" content=\"index, follow, max-snippet:-1, max-image-preview:large, max-video-preview:-1\" \/>\n<link rel=\"canonical\" href=\"https:\/\/teczone.es\/fr\/evenements-larchitecture-et-a-la-construction\/\" \/>\n<meta property=\"og:locale\" content=\"fr_FR\" \/>\n<meta property=\"og:type\" content=\"article\" \/>\n<meta property=\"og:title\" content=\"\u00c9v\u00e9nements\u00a0li\u00e9s\u00a0\u00e0\u00a0l&#039;architecture\u00a0et \u00e0 la\u00a0construction\" \/>\n<meta property=\"og:description\" content=\"Pour nous, cela a \u00e9t\u00e9 une excellente occasion d&#039;entrer en contact direct avec des professionnels.\" \/>\n<meta property=\"og:url\" content=\"https:\/\/teczone.es\/fr\/evenements-larchitecture-et-a-la-construction\/\" \/>\n<meta property=\"og:site_name\" content=\"Teczone\" \/>\n<meta property=\"article:published_time\" content=\"2026-01-09T17:28:00+00:00\" \/>\n<meta property=\"article:modified_time\" content=\"2026-04-22T11:25:54+00:00\" \/>\n<meta property=\"og:image\" content=\"https:\/\/teczone.es\/wp-content\/uploads\/2026\/01\/forocontract-2025-1024x576.png\" \/>\n\t<meta property=\"og:image:width\" content=\"1024\" \/>\n\t<meta property=\"og:image:height\" content=\"576\" \/>\n\t<meta property=\"og:image:type\" content=\"image\/png\" \/>\n<meta name=\"author\" content=\"Claudia Bertran\" \/>\n<meta name=\"twitter:card\" content=\"summary_large_image\" \/>\n<meta name=\"twitter:label1\" content=\"\u00c9crit par\" \/>\n\t<meta name=\"twitter:data1\" content=\"Claudia Bertran\" \/>\n\t<meta name=\"twitter:label2\" content=\"Dur\u00e9e de lecture estim\u00e9e\" \/>\n\t<meta name=\"twitter:data2\" content=\"2 minutes\" \/>\n<script type=\"application\/ld+json\" class=\"yoast-schema-graph\">{\"@context\":\"https:\\\/\\\/schema.org\",\"@graph\":[{\"@type\":\"Article\",\"@id\":\"https:\\\/\\\/teczone.es\\\/fr\\\/evenements-larchitecture-et-a-la-construction\\\/#article\",\"isPartOf\":{\"@id\":\"https:\\\/\\\/teczone.es\\\/fr\\\/evenements-larchitecture-et-a-la-construction\\\/\"},\"author\":{\"name\":\"Claudia Bertran\",\"@id\":\"https:\\\/\\\/teczone.es\\\/fr\\\/#\\\/schema\\\/person\\\/2fe81662917c1add12f2578aa03086b1\"},\"headline\":\"\u00c9v\u00e9nements\u00a0li\u00e9s\u00a0\u00e0\u00a0l&rsquo;architecture\u00a0et \u00e0 la\u00a0construction\u00a0&#8211;\u00a02025 :\u00a0tendances\u00a0et\u00a0innovation\u00a0\u00a0\",\"datePublished\":\"2026-01-09T17:28:00+00:00\",\"dateModified\":\"2026-04-22T11:25:54+00:00\",\"mainEntityOfPage\":{\"@id\":\"https:\\\/\\\/teczone.es\\\/fr\\\/evenements-larchitecture-et-a-la-construction\\\/\"},\"wordCount\":669,\"publisher\":{\"@id\":\"https:\\\/\\\/teczone.es\\\/fr\\\/#organization\"},\"image\":{\"@id\":\"https:\\\/\\\/teczone.es\\\/fr\\\/evenements-larchitecture-et-a-la-construction\\\/#primaryimage\"},\"thumbnailUrl\":\"https:\\\/\\\/teczone.es\\\/wp-content\\\/uploads\\\/2026\\\/01\\\/forocontract-2025-1024x576.png\",\"articleSection\":[\"Kingspan et Teczone\"],\"inLanguage\":\"fr-FR\"},{\"@type\":\"WebPage\",\"@id\":\"https:\\\/\\\/teczone.es\\\/fr\\\/evenements-larchitecture-et-a-la-construction\\\/\",\"url\":\"https:\\\/\\\/teczone.es\\\/fr\\\/evenements-larchitecture-et-a-la-construction\\\/\",\"name\":\"\u00c9v\u00e9nements\u00a0li\u00e9s\u00a0\u00e0\u00a0l'architecture\u00a0et \u00e0 la\u00a0construction\",\"isPartOf\":{\"@id\":\"https:\\\/\\\/teczone.es\\\/fr\\\/#website\"},\"primaryImageOfPage\":{\"@id\":\"https:\\\/\\\/teczone.es\\\/fr\\\/evenements-larchitecture-et-a-la-construction\\\/#primaryimage\"},\"image\":{\"@id\":\"https:\\\/\\\/teczone.es\\\/fr\\\/evenements-larchitecture-et-a-la-construction\\\/#primaryimage\"},\"thumbnailUrl\":\"https:\\\/\\\/teczone.es\\\/wp-content\\\/uploads\\\/2026\\\/01\\\/forocontract-2025-1024x576.png\",\"datePublished\":\"2026-01-09T17:28:00+00:00\",\"dateModified\":\"2026-04-22T11:25:54+00:00\",\"description\":\"Pour nous, cela a \u00e9t\u00e9 une excellente occasion d'entrer en contact direct avec des professionnels.\",\"breadcrumb\":{\"@id\":\"https:\\\/\\\/teczone.es\\\/fr\\\/evenements-larchitecture-et-a-la-construction\\\/#breadcrumb\"},\"inLanguage\":\"fr-FR\",\"potentialAction\":[{\"@type\":\"ReadAction\",\"target\":[\"https:\\\/\\\/teczone.es\\\/fr\\\/evenements-larchitecture-et-a-la-construction\\\/\"]}]},{\"@type\":\"ImageObject\",\"inLanguage\":\"fr-FR\",\"@id\":\"https:\\\/\\\/teczone.es\\\/fr\\\/evenements-larchitecture-et-a-la-construction\\\/#primaryimage\",\"url\":\"https:\\\/\\\/teczone.es\\\/wp-content\\\/uploads\\\/2026\\\/01\\\/forocontract-2025-1024x576.png\",\"contentUrl\":\"https:\\\/\\\/teczone.es\\\/wp-content\\\/uploads\\\/2026\\\/01\\\/forocontract-2025-1024x576.png\"},{\"@type\":\"BreadcrumbList\",\"@id\":\"https:\\\/\\\/teczone.es\\\/fr\\\/evenements-larchitecture-et-a-la-construction\\\/#breadcrumb\",\"itemListElement\":[{\"@type\":\"ListItem\",\"position\":1,\"name\":\"Home\",\"item\":\"https:\\\/\\\/teczone.es\\\/fr\\\/\"},{\"@type\":\"ListItem\",\"position\":2,\"name\":\"\u00c9v\u00e9nements\u00a0li\u00e9s\u00a0\u00e0\u00a0l&#8217;architecture\u00a0et \u00e0 la\u00a0construction\u00a0&#8211;\u00a02025 :\u00a0tendances\u00a0et\u00a0innovation\u00a0\u00a0\"}]},{\"@type\":\"WebSite\",\"@id\":\"https:\\\/\\\/teczone.es\\\/fr\\\/#website\",\"url\":\"https:\\\/\\\/teczone.es\\\/fr\\\/\",\"name\":\"Huurre\",\"description\":\"Fabricamos paneles para fachadas sostenibles para la construcci\u00f3n\",\"publisher\":{\"@id\":\"https:\\\/\\\/teczone.es\\\/fr\\\/#organization\"},\"potentialAction\":[{\"@type\":\"SearchAction\",\"target\":{\"@type\":\"EntryPoint\",\"urlTemplate\":\"https:\\\/\\\/teczone.es\\\/fr\\\/?s={search_term_string}\"},\"query-input\":{\"@type\":\"PropertyValueSpecification\",\"valueRequired\":true,\"valueName\":\"search_term_string\"}}],\"inLanguage\":\"fr-FR\"},{\"@type\":\"Organization\",\"@id\":\"https:\\\/\\\/teczone.es\\\/fr\\\/#organization\",\"name\":\"Huurre\",\"url\":\"https:\\\/\\\/teczone.es\\\/fr\\\/\",\"logo\":{\"@type\":\"ImageObject\",\"inLanguage\":\"fr-FR\",\"@id\":\"https:\\\/\\\/teczone.es\\\/fr\\\/#\\\/schema\\\/logo\\\/image\\\/\",\"url\":\"https:\\\/\\\/teczone.es\\\/wp-content\\\/uploads\\\/2024\\\/12\\\/logotipo_huurre.png\",\"contentUrl\":\"https:\\\/\\\/teczone.es\\\/wp-content\\\/uploads\\\/2024\\\/12\\\/logotipo_huurre.png\",\"width\":455,\"height\":151,\"caption\":\"Huurre\"},\"image\":{\"@id\":\"https:\\\/\\\/teczone.es\\\/fr\\\/#\\\/schema\\\/logo\\\/image\\\/\"}},{\"@type\":\"Person\",\"@id\":\"https:\\\/\\\/teczone.es\\\/fr\\\/#\\\/schema\\\/person\\\/2fe81662917c1add12f2578aa03086b1\",\"name\":\"Claudia Bertran\",\"image\":{\"@type\":\"ImageObject\",\"inLanguage\":\"fr-FR\",\"@id\":\"https:\\\/\\\/secure.gravatar.com\\\/avatar\\\/23d09fff357452abbbe398c9e11ceb9993f22397eff6315cfc2a4edc6214a7f4?s=96&d=mm&r=g\",\"url\":\"https:\\\/\\\/secure.gravatar.com\\\/avatar\\\/23d09fff357452abbbe398c9e11ceb9993f22397eff6315cfc2a4edc6214a7f4?s=96&d=mm&r=g\",\"contentUrl\":\"https:\\\/\\\/secure.gravatar.com\\\/avatar\\\/23d09fff357452abbbe398c9e11ceb9993f22397eff6315cfc2a4edc6214a7f4?s=96&d=mm&r=g\",\"caption\":\"Claudia Bertran\"}}]}<\/script>\n<!-- \/ Yoast SEO plugin. -->","yoast_head_json":{"title":"\u00c9v\u00e9nements\u00a0li\u00e9s\u00a0\u00e0\u00a0l'architecture\u00a0et \u00e0 la\u00a0construction","description":"Pour nous, cela a \u00e9t\u00e9 une excellente occasion d'entrer en contact direct avec des professionnels.","robots":{"index":"index","follow":"follow","max-snippet":"max-snippet:-1","max-image-preview":"max-image-preview:large","max-video-preview":"max-video-preview:-1"},"canonical":"https:\/\/teczone.es\/fr\/evenements-larchitecture-et-a-la-construction\/","og_locale":"fr_FR","og_type":"article","og_title":"\u00c9v\u00e9nements\u00a0li\u00e9s\u00a0\u00e0\u00a0l'architecture\u00a0et \u00e0 la\u00a0construction","og_description":"Pour nous, cela a \u00e9t\u00e9 une excellente occasion d'entrer en contact direct avec des professionnels.","og_url":"https:\/\/teczone.es\/fr\/evenements-larchitecture-et-a-la-construction\/","og_site_name":"Teczone","article_published_time":"2026-01-09T17:28:00+00:00","article_modified_time":"2026-04-22T11:25:54+00:00","og_image":[{"width":1024,"height":576,"url":"https:\/\/teczone.es\/wp-content\/uploads\/2026\/01\/forocontract-2025-1024x576.png","type":"image\/png"}],"author":"Claudia Bertran","twitter_card":"summary_large_image","twitter_misc":{"\u00c9crit par":"Claudia Bertran","Dur\u00e9e de lecture estim\u00e9e":"2 minutes"},"schema":{"@context":"https:\/\/schema.org","@graph":[{"@type":"Article","@id":"https:\/\/teczone.es\/fr\/evenements-larchitecture-et-a-la-construction\/#article","isPartOf":{"@id":"https:\/\/teczone.es\/fr\/evenements-larchitecture-et-a-la-construction\/"},"author":{"name":"Claudia Bertran","@id":"https:\/\/teczone.es\/fr\/#\/schema\/person\/2fe81662917c1add12f2578aa03086b1"},"headline":"\u00c9v\u00e9nements\u00a0li\u00e9s\u00a0\u00e0\u00a0l&rsquo;architecture\u00a0et \u00e0 la\u00a0construction\u00a0&#8211;\u00a02025 :\u00a0tendances\u00a0et\u00a0innovation\u00a0\u00a0","datePublished":"2026-01-09T17:28:00+00:00","dateModified":"2026-04-22T11:25:54+00:00","mainEntityOfPage":{"@id":"https:\/\/teczone.es\/fr\/evenements-larchitecture-et-a-la-construction\/"},"wordCount":669,"publisher":{"@id":"https:\/\/teczone.es\/fr\/#organization"},"image":{"@id":"https:\/\/teczone.es\/fr\/evenements-larchitecture-et-a-la-construction\/#primaryimage"},"thumbnailUrl":"https:\/\/teczone.es\/wp-content\/uploads\/2026\/01\/forocontract-2025-1024x576.png","articleSection":["Kingspan et Teczone"],"inLanguage":"fr-FR"},{"@type":"WebPage","@id":"https:\/\/teczone.es\/fr\/evenements-larchitecture-et-a-la-construction\/","url":"https:\/\/teczone.es\/fr\/evenements-larchitecture-et-a-la-construction\/","name":"\u00c9v\u00e9nements\u00a0li\u00e9s\u00a0\u00e0\u00a0l'architecture\u00a0et \u00e0 la\u00a0construction","isPartOf":{"@id":"https:\/\/teczone.es\/fr\/#website"},"primaryImageOfPage":{"@id":"https:\/\/teczone.es\/fr\/evenements-larchitecture-et-a-la-construction\/#primaryimage"},"image":{"@id":"https:\/\/teczone.es\/fr\/evenements-larchitecture-et-a-la-construction\/#primaryimage"},"thumbnailUrl":"https:\/\/teczone.es\/wp-content\/uploads\/2026\/01\/forocontract-2025-1024x576.png","datePublished":"2026-01-09T17:28:00+00:00","dateModified":"2026-04-22T11:25:54+00:00","description":"Pour nous, cela a \u00e9t\u00e9 une excellente occasion d'entrer en contact direct avec des professionnels.","breadcrumb":{"@id":"https:\/\/teczone.es\/fr\/evenements-larchitecture-et-a-la-construction\/#breadcrumb"},"inLanguage":"fr-FR","potentialAction":[{"@type":"ReadAction","target":["https:\/\/teczone.es\/fr\/evenements-larchitecture-et-a-la-construction\/"]}]},{"@type":"ImageObject","inLanguage":"fr-FR","@id":"https:\/\/teczone.es\/fr\/evenements-larchitecture-et-a-la-construction\/#primaryimage","url":"https:\/\/teczone.es\/wp-content\/uploads\/2026\/01\/forocontract-2025-1024x576.png","contentUrl":"https:\/\/teczone.es\/wp-content\/uploads\/2026\/01\/forocontract-2025-1024x576.png"},{"@type":"BreadcrumbList","@id":"https:\/\/teczone.es\/fr\/evenements-larchitecture-et-a-la-construction\/#breadcrumb","itemListElement":[{"@type":"ListItem","position":1,"name":"Home","item":"https:\/\/teczone.es\/fr\/"},{"@type":"ListItem","position":2,"name":"\u00c9v\u00e9nements\u00a0li\u00e9s\u00a0\u00e0\u00a0l&#8217;architecture\u00a0et \u00e0 la\u00a0construction\u00a0&#8211;\u00a02025 :\u00a0tendances\u00a0et\u00a0innovation\u00a0\u00a0"}]},{"@type":"WebSite","@id":"https:\/\/teczone.es\/fr\/#website","url":"https:\/\/teczone.es\/fr\/","name":"Huurre","description":"Fabricamos paneles para fachadas sostenibles para la construcci\u00f3n","publisher":{"@id":"https:\/\/teczone.es\/fr\/#organization"},"potentialAction":[{"@type":"SearchAction","target":{"@type":"EntryPoint","urlTemplate":"https:\/\/teczone.es\/fr\/?s={search_term_string}"},"query-input":{"@type":"PropertyValueSpecification","valueRequired":true,"valueName":"search_term_string"}}],"inLanguage":"fr-FR"},{"@type":"Organization","@id":"https:\/\/teczone.es\/fr\/#organization","name":"Huurre","url":"https:\/\/teczone.es\/fr\/","logo":{"@type":"ImageObject","inLanguage":"fr-FR","@id":"https:\/\/teczone.es\/fr\/#\/schema\/logo\/image\/","url":"https:\/\/teczone.es\/wp-content\/uploads\/2024\/12\/logotipo_huurre.png","contentUrl":"https:\/\/teczone.es\/wp-content\/uploads\/2024\/12\/logotipo_huurre.png","width":455,"height":151,"caption":"Huurre"},"image":{"@id":"https:\/\/teczone.es\/fr\/#\/schema\/logo\/image\/"}},{"@type":"Person","@id":"https:\/\/teczone.es\/fr\/#\/schema\/person\/2fe81662917c1add12f2578aa03086b1","name":"Claudia Bertran","image":{"@type":"ImageObject","inLanguage":"fr-FR","@id":"https:\/\/secure.gravatar.com\/avatar\/23d09fff357452abbbe398c9e11ceb9993f22397eff6315cfc2a4edc6214a7f4?s=96&d=mm&r=g","url":"https:\/\/secure.gravatar.com\/avatar\/23d09fff357452abbbe398c9e11ceb9993f22397eff6315cfc2a4edc6214a7f4?s=96&d=mm&r=g","contentUrl":"https:\/\/secure.gravatar.com\/avatar\/23d09fff357452abbbe398c9e11ceb9993f22397eff6315cfc2a4edc6214a7f4?s=96&d=mm&r=g","caption":"Claudia Bertran"}}]}},"featured_image_src":null,"featured_image_src_square":null,"author_info":{"display_name":"Claudia Bertran","author_link":"https:\/\/teczone.es\/fr\/author\/claudia\/"},"_links":{"self":[{"href":"https:\/\/teczone.es\/fr\/wp-json\/wp\/v2\/posts\/31411","targetHints":{"allow":["GET"]}}],"collection":[{"href":"https:\/\/teczone.es\/fr\/wp-json\/wp\/v2\/posts"}],"about":[{"href":"https:\/\/teczone.es\/fr\/wp-json\/wp\/v2\/types\/post"}],"author":[{"embeddable":true,"href":"https:\/\/teczone.es\/fr\/wp-json\/wp\/v2\/users\/21"}],"replies":[{"embeddable":true,"href":"https:\/\/teczone.es\/fr\/wp-json\/wp\/v2\/comments?post=31411"}],"version-history":[{"count":16,"href":"https:\/\/teczone.es\/fr\/wp-json\/wp\/v2\/posts\/31411\/revisions"}],"predecessor-version":[{"id":32007,"href":"https:\/\/teczone.es\/fr\/wp-json\/wp\/v2\/posts\/31411\/revisions\/32007"}],"wp:attachment":[{"href":"https:\/\/teczone.es\/fr\/wp-json\/wp\/v2\/media?parent=31411"}],"wp:term":[{"taxonomy":"category","embeddable":true,"href":"https:\/\/teczone.es\/fr\/wp-json\/wp\/v2\/categories?post=31411"},{"taxonomy":"post_tag","embeddable":true,"href":"https:\/\/teczone.es\/fr\/wp-json\/wp\/v2\/tags?post=31411"}],"curies":[{"name":"wp","href":"https:\/\/api.w.org\/{rel}","templated":true}]}}